{"id":82,"date":"2014-06-04T09:47:53","date_gmt":"2014-06-04T07:47:53","guid":{"rendered":"http:\/\/www.electmadrid.es\/blog\/?p=82"},"modified":"2014-06-06T02:02:04","modified_gmt":"2014-06-06T00:02:04","slug":"el-dividendo-digital-esta-proximo","status":"publish","type":"post","link":"https:\/\/electmadrid.es\/blog\/2014\/06\/el-dividendo-digital-esta-proximo\/","title":{"rendered":"El Dividendo Digital est\u00e1 pr\u00f3ximo"},"content":{"rendered":"<p>El secretario de estado Victor Calvo-Sotelo ha informado que antes del verano estar\u00e1 \u00abencima de la mesa del gobierno\u00bb el Real Decreto que regular\u00e1 el proceso denominado Dividendo Digital. Con este plan se liberan<!--more--> las frecuencias entre los 792 y 860 MHZ actualmente en uso para la TV TDT para que pasen a ser utilizadas por la Telefon\u00eda m\u00f3vil con el 4G. Ha dicho textualmente \u00abvamos a mantener el calendario (culminar todo el proceso en diciembre de este a\u00f1o) lo que implica que en enero de 2015 esas frecuencias del dividendo digital, de 800 MHz, estar\u00e1n liberadas y a disposici\u00f3n de las telecos. Lo garantizamos absolutamente y puede que haya tramos que se habiliten antes\u00bb afirma en una entrevista en \u00abEl Economista\u00bb.<\/p>\n<p>Este proceso de Dividendo Digital conlleva la migraci\u00f3n de la emisi\u00f3n de las televisiones hacia otras bandas del espectro radioel\u00e9ctrico para dejar libres las frecuencias que se utilizar\u00e1n para el 4G por parte de las operadoras de m\u00f3viles. Por otro lado, Calvo-Sotelo reconoce que si prospera otra denuncia que hay en el Tribunal Supremo se podr\u00edan cerrar ocho canales de TDT que se sumar\u00edan a los nueve que acaba de terminar con sus emisiones.<\/p>\n<p>Ya en su momento el cierre de los 9 canales acaecido recientemente fue provocado por una sentencia del tribunal supremo. Una nueva sentencia complicar\u00eda aun m\u00e1s el proceso del dividendo digital y har\u00eda peligrar el cumplir con el plazo oficial estipulado por Bruselas de terminar con el proceso para el 1 de enero de 2.015.<\/p>\n<!-- AddThis Advanced Settings generic via filter on the_content -->","protected":false},"excerpt":{"rendered":"<p>El secretario de estado Victor Calvo-Sotelo ha informado que antes del verano estar\u00e1 \u00abencima de la mesa del gobierno\u00bb el Real Decreto que regular\u00e1 el proceso denominado Dividendo Digital. Con este plan se liberan<!-- AddThis Advanced Settings generic via filter on wp_trim_excerpt --><\/p>\n","protected":false},"author":1,"featured_media":0,"comment_status":"open","ping_status":"open","sticky":false,"template":"","format":"standard","meta":[],"categories":[5],"tags":[8],"amp_enabled":true,"_links":{"self":[{"href":"https:\/\/electmadrid.es\/blog\/wp-json\/wp\/v2\/posts\/82"}],"collection":[{"href":"https:\/\/electmadrid.es\/blog\/wp-json\/wp\/v2\/posts"}],"about":[{"href":"https:\/\/electmadrid.es\/blog\/wp-json\/wp\/v2\/types\/post"}],"author":[{"embeddable":true,"href":"https:\/\/electmadrid.es\/blog\/wp-json\/wp\/v2\/users\/1"}],"replies":[{"embeddable":true,"href":"https:\/\/electmadrid.es\/blog\/wp-json\/wp\/v2\/comments?post=82"}],"version-history":[{"count":2,"href":"https:\/\/electmadrid.es\/blog\/wp-json\/wp\/v2\/posts\/82\/revisions"}],"predecessor-version":[{"id":85,"href":"https:\/\/electmadrid.es\/blog\/wp-json\/wp\/v2\/posts\/82\/revisions\/85"}],"wp:attachment":[{"href":"https:\/\/electmadrid.es\/blog\/wp-json\/wp\/v2\/media?parent=82"}],"wp:term":[{"taxonomy":"category","embeddable":true,"href":"https:\/\/electmadrid.es\/blog\/wp-json\/wp\/v2\/categories?post=82"},{"taxonomy":"post_tag","embeddable":true,"href":"https:\/\/electmadrid.es\/blog\/wp-json\/wp\/v2\/tags?post=82"}],"curies":[{"name":"wp","href":"https:\/\/api.w.org\/{rel}","templated":true}]}}